{"id":16823,"date":"2026-03-25T19:04:38","date_gmt":"2026-03-25T18:04:38","guid":{"rendered":"http:\/\/apostolowiemilosci.pl\/?p=16823"},"modified":"2026-04-13T18:40:00","modified_gmt":"2026-04-13T16:40:00","slug":"sloneczniki-maryja-i-swieci","status":"publish","type":"post","link":"http:\/\/apostolowiemilosci.pl\/?p=16823","title":{"rendered":"S\u0141ONECZNIKI &#8211; Maryja i \u015bwi\u0119ci"},"content":{"rendered":"\n<h3 class=\"wp-block-heading\">Matka Bo\u017ca na Kubie i w Polsce, \u015bw. o. Pio, \u015bw. J\u00f3zefina Bakhita, \u015bw Julia Billiart, \u015bw Maria Eufrazja Pelletier <\/h3>\n\n\n\n<h4 class=\"wp-block-heading\">Matka Bo\u017ca Mi\u0142osierdzia, czczona szczeg\u00f3lnie na Kubie, jest zwi\u0105zana ze s\u0142onecznikami. W czasach prze\u015bladowa\u0144 na Kubie stawiano s\u0142oneczniki w oknach, by reprezentowa\u0142y Matk\u0119 Bo\u017c\u0105 Mi\u0142osierdzia \u2013 tak jak Maryja nieustannie kieruje sw\u00f3j wzrok ku Jezusowi, tak s\u0142onecznik zawsze pozostaje zwr\u00f3cony ku s\u0142o\u0144cu. Maryja z El Cobre ubrana jest w \u017c\u00f3\u0142t\u0105 sukni\u0119 przetykan\u0105 z\u0142otem. Dooko\u0142a le\u017c\u0105 bukiety kwiat\u00f3w, g\u0142\u00f3wnie s\u0142onecznik\u00f3w, kt\u00f3re mo\u017cna kupi\u0107 po drodze do sanktuarium od ulicznych sprzedawc\u00f3w. Wsz\u0119dzie dominuje kolor \u017c\u00f3\u0142ty.<\/h4>\n\n\n\n<h4 class=\"wp-block-heading\">Figur\u0119 Matki Boskiej ujrzeli w latach 1616-1617 w zatoce Nipe, na wschodnim kra\u0144cu Kuby, trzej niewolnicy \u2013 \u200b\u200bjeden czarnosk\u00f3ry i dw\u00f3ch rdzennych mieszka\u0144c\u00f3w \u2013 kt\u00f3rzy znale\u017ali j\u0105 unosz\u0105c\u0105 si\u0119 na wodzie z tabliczk\u0105 z napisem: \u201eJestem Matk\u0105 Bo\u017c\u0105 Mi\u0142osierdzia z El Cobre\u201d. Wkr\u00f3tce potem figur\u0119 przeniesiono do szpitala dla chorych przy ko\u015bciele zbudowanym w pobli\u017cu kopalni miedzi, oko\u0142o 20 km od Santiago de Cuba. W po\u0142owie XVII wieku wizerunek sta\u0142 si\u0119 g\u0142\u00f3wnym obiektem kultu w tym regionie. Wkr\u00f3tce Kreole \u2013 Kuba\u0144czycy hiszpa\u0144skiego pochodzenia \u2013 zacz\u0119li si\u0119 z ni\u0105 identyfikowa\u0107, podobnie jak pierwsi bojownicy przeciwko rz\u0105dom kolonialnym, znani jako Mambises. \u201eTo weterani wojny o niepodleg\u0142o\u015b\u0107, poruszeni wiar\u0105 i patriotyzmem, prosili, aby Matka Boska Mi\u0142osierdzia z El Cobre zosta\u0142a patronk\u0105 Kuby jako wolnego i suwerennego narodu\u201d. Od tego czasu ta posta\u0107 o dobroczynnej mocy \u201esta\u0142a si\u0119 duchow\u0105 tarcz\u0105 dla Mambises i symbolem narodu, kt\u00f3ry chcieli zbudowa\u0107\u201d \u2013 powiedzia\u0142 Emilio Cueto, autor ksi\u0105\u017cki \u201eMatka Boska Mi\u0142osierdzia z El Cobre w duszy narodu kuba\u0144skiego\u201d (2014).<\/h4>\n\n\n\n<figure class=\"wp-block-image size-full\"><img fetchpriority=\"high\" decoding=\"async\" width=\"768\" height=\"1024\" src=\"http:\/\/apostolowiemilosci.pl\/wp-content\/uploads\/2026\/03\/matka-boza-milosci-z-el-cobre.jpg\" alt=\"\" class=\"wp-image-16831\" srcset=\"http:\/\/apostolowiemilosci.pl\/wp-content\/uploads\/2026\/03\/matka-boza-milosci-z-el-cobre.jpg 768w, http:\/\/apostolowiemilosci.pl\/wp-content\/uploads\/2026\/03\/matka-boza-milosci-z-el-cobre-225x300.jpg 225w\" sizes=\"(max-width: 768px) 100vw, 768px\" \/><\/figure>\n\n\n\n<h4 class=\"wp-block-heading\">&#8222;8 wrze\u015bnia (Prensa Latina) W sanktuariach lub domach wielu Kuba\u0144czyk\u00f3w zapali dzi\u015b \u015bwiec\u0119 ku czci Matki Bo\u017cej Mi\u0142osierdzia z El Cobre, patronki wyspy od 1916 r., a jej wizerunek jest \u015bwi\u0119ty od ponad 400 lat. Wed\u0142ug tradycji katolickiej, w 1612 roku trzej poszukiwacze soli znale\u017ali w zatoce Nipe (na wschodzie) wizerunek Matki Boskiej unosz\u0105cy si\u0119 na desce, na kt\u00f3rej mo\u017cna by\u0142o przeczyta\u0107 \u201eJestem Dziewic\u0105 Mi\u0142osierdzia\u201d. \u201eA fakt, \u017ce zosta\u0142o ono znalezione przez trzech Juan\u00f3w: bia\u0142ego m\u0119\u017cczyzn\u0119, czarnego m\u0119\u017cczyzn\u0119 i Hiszpana, czyli dw\u00f3ch transkulturowych Indian, kt\u00f3rzy ju\u017c m\u00f3wili tym j\u0119zykiem, wskazuje, \u017ce Dziewica Maryja jest Kub\u0105, a \u0142\u00f3d\u017a jest Kub\u0105\u201d \u2013 skomentowa\u0142 kilka lat temu historyk Hawany, Eusebio Leal (1942-2020). Wybitny kuba\u0144ski etnolog Fernando Ortiz napisa\u0142, \u017ce \u201eMatka Boska Mambisa, bo tak j\u0105 r\u00f3wnie\u017c nazywaj\u0105, towarzyszy\u0142a mieszka\u0144com wyspy w dobrych i z\u0142ych czasach, od najprostszej modlitwy po najbardziej podnios\u0142e uroczysto\u015bci, od najbardziej intymnej pro\u015bby po najbardziej publiczn\u0105 modlitw\u0119\u201d. W rzeczywisto\u015bci krajowa historiografia odnotowuje, \u017ce genera\u0142 porucznik Antonio Maceo, przyw\u00f3dca si\u0142 niepodleg\u0142o\u015bciowych walcz\u0105cych z Hiszpani\u0105, nosi\u0142 na szyi szkaplerz z wizerunkiem Matki Boskiej Mi\u0142osierdzia z El Cobre. Wed\u0142ug innych bada\u0144 oko\u0142o 200 kuba\u0144skich genera\u0142\u00f3w, oficer\u00f3w i \u017co\u0142nierzy, kt\u00f3rzy walczyli o suwerenno\u015b\u0107 narodu, zwr\u00f3ci\u0142o si\u0119 do Ko\u015bcio\u0142a z pro\u015bb\u0105 o og\u0142oszenie wyspy patronem, co nast\u0105pi\u0142o w 1916 r. z inicjatywy papie\u017ca Benedykta XV. ( \u017crodlo \u015awiece i s\u0142oneczniki dla patrona Kuby <a href=\"https:\/\/archivo.prensa-latina.cu\/2021\/09\/08\/velas-y-girasoles-para-la-patrona-de-cuba\" data-type=\"link\" data-id=\"https:\/\/archivo.prensa-latina.cu\/2021\/09\/08\/velas-y-girasoles-para-la-patrona-de-cuba\">LINK <\/a>)<\/h4>\n\n\n\n<h4 class=\"wp-block-heading\">W uznaniu zas\u0142ug narodu kuba\u0144skiego, podczas swojej wizyty na wyspie 4 stycznia 1998 roku, papie\u017c Jan Pawe\u0142 II ukoronowa\u0142 i po\u015bwi\u0119ci\u0142 wizerunek patronki Kuby podczas trzeciej Mszy \u015awi\u0119tej odprawionej w tym kraju, na placu Antonio Maceo w Santiago de Cuba 24 stycznia 1998 roku. Jej pi\u0119kny wizerunek, znany r\u00f3wnie\u017c jako \u201eLa Mambisa\u201d, przechowywany jest w parafii Santo Tomas w archidiecezji Santiago de Cuba, nazwanej tak ze wzgl\u0119du na zwi\u0105zek z histori\u0105 kraju. Podczas wojen o niepodleg\u0142o\u015b\u0107 Kuby, kt\u00f3re rozpocz\u0119\u0142y si\u0119 w 1868 r., nabo\u017ce\u0144stwo do Matki Bo\u017cej Mi\u0142osierdzia towarzyszy\u0142o wojskom Armii Wyzwole\u0144czej na polach bitew z hiszpa\u0144sk\u0105 koloni\u0105. ( <a href=\"https:\/\/www.thecubanhistory.com\/2020\/08\/la-virgen-de-la-caridad-del-cobre-nuestra-amada-cachita-la-virgen-de-la-caridad-del-cobre-our-beloved-cachita-photos\/\" data-type=\"link\" data-id=\"https:\/\/www.thecubanhistory.com\/2020\/08\/la-virgen-de-la-caridad-del-cobre-nuestra-amada-cachita-la-virgen-de-la-caridad-del-cobre-our-beloved-cachita-photos\/\">LINK<\/a> ) <\/h4>\n\n\n\n<figure class=\"wp-block-gallery has-nested-images columns-default is-cropped wp-block-gallery-1 is-layout-flex wp-block-gallery-is-layout-flex\">\n<figure class=\"wp-block-image size-full\"><img decoding=\"async\" width=\"457\" height=\"571\" data-id=\"16887\" src=\"http:\/\/apostolowiemilosci.pl\/wp-content\/uploads\/2026\/03\/EhZ412WX0AAhH-2-PL.jpg\" alt=\"\" class=\"wp-image-16887\" srcset=\"http:\/\/apostolowiemilosci.pl\/wp-content\/uploads\/2026\/03\/EhZ412WX0AAhH-2-PL.jpg 457w, http:\/\/apostolowiemilosci.pl\/wp-content\/uploads\/2026\/03\/EhZ412WX0AAhH-2-PL-240x300.jpg 240w\" sizes=\"(max-width: 457px) 100vw, 457px\" \/><\/figure>\n\n\n\n<figure class=\"wp-block-image size-full\"><img decoding=\"async\" width=\"457\" height=\"571\" data-id=\"16888\" src=\"http:\/\/apostolowiemilosci.pl\/wp-content\/uploads\/2026\/03\/EhZ412WX0AAhH-2.jpg\" alt=\"\" class=\"wp-image-16888\" srcset=\"http:\/\/apostolowiemilosci.pl\/wp-content\/uploads\/2026\/03\/EhZ412WX0AAhH-2.jpg 457w, http:\/\/apostolowiemilosci.pl\/wp-content\/uploads\/2026\/03\/EhZ412WX0AAhH-2-240x300.jpg 240w\" sizes=\"(max-width: 457px) 100vw, 457px\" \/><\/figure>\n<\/figure>\n\n\n\n<h4 class=\"wp-block-heading\">Tekst pra\u0142ata Dionisio Garc\u00edi Ib\u00e1\u00f1eza, arcybiskupa Santiago de Cuba, w prologu do ksi\u0105\u017cki <em>Matka Bo\u017ca Mi\u0142osierdzia z El Cobre w duszy narodu kuba\u0144skiego<\/em> (Wydawnictwo Polymita, 2014). &#8221; Spotkanie Maryi z naszym ludem rozpocz\u0119\u0142o si\u0119, jak pisze Emilio Cueto w swojej ksi\u0105\u017cce, \u201ebez pompatyczno\u015bci, eksponowania broni i flag, uroczysto\u015bci, przem\u00f3wie\u0144 i protoko\u0142u\u201d, gdy ponad 400 lat temu, wed\u0142ug dokument\u00f3w z tamtego okresu, dw\u00f3ch rdzennych mieszka\u0144c\u00f3w i m\u0142ody czarnosk\u00f3ry ch\u0142opiec zniewolony znale\u017ali Jej wizerunek w zatoce Nipe, unosz\u0105cy si\u0119 na desce z napisem \u201eJestem Matk\u0105 Bo\u017c\u0105 Mi\u0142osierdzia\u201d. Kontemplowali go oczami wiary i przyj\u0119li z uznaniem i oddaniem. Tak rozpocz\u0119\u0142a si\u0119 rozwijaj\u0105ca si\u0119 relacja mi\u0119dzy Ni\u0105, Matk\u0105 Jezusa, a narodem kuba\u0144skimi. P\u00f3\u017aniej zabrano J\u0105 do miasteczka El Cobre i z biegiem lat zacz\u0119li\u015bmy nazywa\u0107 J\u0105 Matk\u0105 Bo\u017c\u0105 Mi\u0142osierdzia z El Cobre. Wkr\u00f3tce zbudowano dla Niej pustelni\u0119, a p\u00f3\u017aniej sanktuarium. Pielgrzymki rozpocz\u0119\u0142y si\u0119 najpierw z lud\u017ami z Santiago de Cuba i Bayamo, a p\u00f3\u017aniej z ca\u0142ej Kuby. W latach 1861\u20131867 ludzie ze 132 miejscowo\u015bci na Kubie, od Pinar del R\u00edo na zachodzie po Baracoa, odwiedzali Jej Sanktuarium, zostawiaj\u0105c swoje imiona i ofiary. Kiedy Kuba nie\u015bmia\u0142o zacz\u0119\u0142a rozwija\u0107 poczucie przynale\u017cno\u015bci narodowej, zacz\u0119\u0142a r\u00f3wnie\u017c symbolizowa\u0107 to, co nasze, co odr\u00f3\u017cnia\u0142o nas od Hiszpanii. Podczas wojen o niepodleg\u0142o\u015b\u0107 sta\u0142a si\u0119 mambis\u0105 (kuba\u0144sk\u0105 bojowniczk\u0105 o niepodleg\u0142o\u015b\u0107), a p\u00f3\u017aniej uwa\u017cali\u015bmy J\u0105 za Nasz\u0105 Patronk\u0119. Obecnie nabo\u017ce\u0144stwo do Matki Boskiej Mi\u0142osierdzia przyci\u0105ga ka\u017cdego roku do Jej Sanktuarium w El Cobre setki tysi\u0119cy wiernych i pielgrzym\u00f3w. Te pielgrzymki nie s\u0105 ju\u017c przesz\u0142o\u015bci\u0105; Stanowi\u0105 \u017cywe wydarzenie i tradycj\u0119, odtwarzane i odnawiane w ka\u017cdej epoce, pozostaj\u0105c jednocze\u015bnie wiernymi swoim korzeniom. Lubimy ubiera\u0107 Matk\u0119 Bo\u017c\u0105 Mi\u0142osierdzia w b\u0142\u0119kit z trzema Kuba\u0144czykami w \u0142odzi, kt\u00f3rzy w pewnym sensie reprezentuj\u0105 lud, a tak\u017ce w z\u0142ote szaty godne kr\u00f3lowej; o\u015bmielamy si\u0119 nawet, w duchu poufa\u0142o\u015bci, nazywa\u0107 j\u0105 \u201eCachita\u201d. Inni uto\u017csamiaj\u0105 jej wizerunek ze \u015bwi\u0119tym z panteonu Jorub\u00f3w, a jeszcze inni, bez wiary, dostrzegaj\u0105 dobroczynn\u0105 obecno\u015b\u0107 Matki Boskiej Mi\u0142osierdzia w ca\u0142ej naszej historii. Ka\u017cdy nar\u00f3d ma sw\u00f3j w\u0142asny, uprzywilejowany spos\u00f3b odczuwania mi\u0142o\u015bci Boga; nar\u00f3d kuba\u0144ski odkrywa j\u0105 w macierzy\u0144skiej mi\u0142o\u015bci, kt\u00f3rej do\u015bwiadczamy w Matce Boskiej Mi\u0142osierdzia. Dlatego czuje si\u0119 powo\u0142any do tego ma\u0142ego i pi\u0119knego wizerunku. Wszystkie drogi na Kubie prowadz\u0105 do El Cobre: \u200b\u200b\u201egdzie ukochana Dziewica, zawsze ta sama, cho\u0107 si\u0119 zmienili\u015bmy, czeka na nas, by powita\u0107, pob\u0142ogos\u0142awi\u0107 i zjednoczy\u0107 wszystkie dzieci Kuby pod swoim macierzy\u0144skim p\u0142aszczem. Docieramy do Jej st\u00f3p, wiedz\u0105c, \u017ce nikt nie odchodzi taki sam, jakim przyby\u0142. Tam \u017cale zostaj\u0105 zapomniane, sztuczne podzia\u0142y, kt\u00f3re sami wznosimy, rozpadaj\u0105 si\u0119, grzechy zostaj\u0105 odpuszczone, a serca z\u0142\u0105czone\u201d (List pasterski Episkopatu Kuby \u201eMi\u0142o\u015b\u0107 czeka na wszystko\u201d, 8 wrze\u015bnia 1993 r.).&#8221;<\/h4>\n\n\n<div class=\"wp-block-image\">\n<figure class=\"aligncenter size-full\"><img loading=\"lazy\" decoding=\"async\" width=\"206\" height=\"245\" src=\"http:\/\/apostolowiemilosci.pl\/wp-content\/uploads\/2026\/03\/sw.-Julia.jpg\" alt=\"\" class=\"wp-image-16824\"\/><\/figure>\n<\/div>\n\n\n<h4 class=\"wp-block-heading\">Niekt\u00f3rzy \u015bwi\u0119ci byli szczeg\u00f3lnie zafascynowani tym kwiatem. \u015awi\u0119ta Julia Billiart (1751-1816) za\u0142o\u017cycielka Zgromadzenia Si\u00f3str Notre Dame, u\u017cywa\u0142a s\u0142onecznika jako przypomnienia, by zawsze kierowa\u0107 oczy ku Bogu \u2013 tak jak kwiat zwraca si\u0119 ku s\u0142o\u0144cu. Do dzi\u015b s\u0142onecznik pozostaje symbolem tego zgromadzenia. W jednej ze swych modlitw napisa\u0142a:<\/h4>\n\n\n\n<blockquote class=\"wp-block-quote is-layout-flow wp-block-quote-is-layout-flow\">\n<h4 class=\"wp-block-heading has-text-align-center\">By\u0107 prostym<br>To by\u0107 jak s\u0142onecznik,<br>Kt\u00f3ry \u015bledzi<br>Ka\u017cdy ruch<br>S\u0142o\u0144ca<br>I zawsze ku niemu si\u0119 zwraca.<\/h4>\n<\/blockquote>\n\n\n<div class=\"wp-block-image\">\n<figure class=\"aligncenter size-full\"><img loading=\"lazy\" decoding=\"async\" width=\"356\" height=\"498\" src=\"http:\/\/apostolowiemilosci.pl\/wp-content\/uploads\/2026\/03\/629824298_1339608854877839_1300729667974286276_n.jpg\" alt=\"\" class=\"wp-image-16835\" srcset=\"http:\/\/apostolowiemilosci.pl\/wp-content\/uploads\/2026\/03\/629824298_1339608854877839_1300729667974286276_n.jpg 356w, http:\/\/apostolowiemilosci.pl\/wp-content\/uploads\/2026\/03\/629824298_1339608854877839_1300729667974286276_n-214x300.jpg 214w\" sizes=\"(max-width: 356px) 100vw, 356px\" \/><\/figure>\n<\/div>\n\n\n<h4 class=\"wp-block-heading\">\u015awi\u0119ta J\u00f3zefina Bakhita (1869-1947)  afryka\u0144ska \u015bwi\u0119ta, uwolniona z niewoli, kt\u00f3ra wst\u0105pi\u0142a&nbsp; do Zgromadzenia Si\u00f3str C\u00f3rek Mi\u0142o\u015bci S\u0142u\u017cebnic Ubogich -kanosjanek we W\u0142oszech, bywa przedstawiana ze s\u0142onecznikami \u2013 symbolem jej pogody ducha i rado\u015bci mimo wcze\u015bniejszych cierpie\u0144.<\/h4>\n\n\n<div class=\"wp-block-image\">\n<figure class=\"aligncenter size-full\"><img loading=\"lazy\" decoding=\"async\" width=\"589\" height=\"800\" src=\"http:\/\/apostolowiemilosci.pl\/wp-content\/uploads\/2026\/03\/R124-HAG-Santa-Maria-Eufrasia-Pelletier.jpg\" alt=\"\" class=\"wp-image-16837\" srcset=\"http:\/\/apostolowiemilosci.pl\/wp-content\/uploads\/2026\/03\/R124-HAG-Santa-Maria-Eufrasia-Pelletier.jpg 589w, http:\/\/apostolowiemilosci.pl\/wp-content\/uploads\/2026\/03\/R124-HAG-Santa-Maria-Eufrasia-Pelletier-221x300.jpg 221w\" sizes=\"(max-width: 589px) 100vw, 589px\" \/><figcaption class=\"wp-element-caption\">Santa Maria Eufr\u00e1sia Pelletier &#8211; Foto: Divulga\u00e7\u00e3o<\/figcaption><\/figure>\n<\/div>\n\n\n<h4 class=\"wp-block-heading\">\u015awi\u0119ta Maria Eufrazja Pelletier (1796-1868) za\u0142o\u017cycielka Zgromadzenia Si\u00f3str Dobrego Pasterza i jej powiedzenie \u201eJedna osoba jest cenniejsza ni\u017c ca\u0142y \u015bwiat\u201d, r\u00f3wnie\u017c by\u0142a oczarowana s\u0142onecznikami. Pisa\u0142a: \u201eJak s\u0142onecznik zwraca si\u0119 ku s\u0142o\u0144cu, a ig\u0142a kompasu ku biegunowi, tak wasze my\u015bli zawsze powinny kierowa\u0107 si\u0119 ku Panu, ku Rzymowi, ku Zgromadzeniu.\u201d<\/h4>\n\n\n<div class=\"wp-block-image\">\n<figure class=\"aligncenter size-full\"><img loading=\"lazy\" decoding=\"async\" width=\"297\" height=\"169\" src=\"http:\/\/apostolowiemilosci.pl\/wp-content\/uploads\/2026\/03\/OjciecPio.jpg\" alt=\"\" class=\"wp-image-16838\"\/><\/figure>\n<\/div>\n\n\n<h4 class=\"wp-block-heading\">Z kolei \u015bwi\u0119ty Ojciec Pio, XX-wieczny mistyk i stygmatyk, bywa w katolickich pismach nazywany \u201eBo\u017cym S\u0142onecznikiem\u201d \u2013 symbolem jego ca\u0142kowitego, wiernego oddania Stw\u00f3rcy.<\/h4>\n\n\n\n<p>\u017ar\u00f3d\u0142o 16.10.2025 <a href=\"https:\/\/misyjne.pl\/slonecznik-katolicki-symbol-wiary-i-poboznosci\/\">https:\/\/misyjne.pl\/slonecznik-katolicki-symbol-wiary-i-poboznosci\/<\/a><\/p>\n\n\n\n<h2 class=\"wp-block-heading has-text-align-center\">Matka Bo\u017ca Ptaszkowa RADOSNA<\/h2>\n\n\n\n<h5 class=\"wp-block-heading has-text-align-center\">( ODPUST 14 wrze\u015bnia ku czci Imienia Maryi Panny )<\/h5>\n\n\n\n<h4 class=\"wp-block-heading\">&#8222;Historia Matki Bo\u017cej Ptaszkowskiej si\u0119ga XVIII wieku, a jej \u017ar\u00f3d\u0142em jest cudowny obraz przywieziony w 1734 roku do Ptaszkowej przez Micha\u0142a Stadnickiego, s\u0119dziego z Nowego S\u0105cza i Krakowa. Stadnicki, powa\u017cnie choruj\u0105c, modli\u0142 si\u0119 w Lublinie przy obrazie Matki Bo\u017cej z ko\u015bcio\u0142a pw. Ducha \u015awi\u0119tego, gdzie do\u015bwiadczy\u0142 wizji \u2013 Matka Bo\u017ca obieca\u0142a mu d\u0142ugie \u017cycie, je\u015bli zatroszczy si\u0119 o szerzenie jej kultu w Ptaszkowej. Po powrocie do zdrowia sprowadzi\u0142 kopi\u0119 tego obrazu, kt\u00f3ry z czasem sta\u0142 si\u0119 najcenniejszym duchowym skarbem lokalnej wsp\u00f3lnoty. Maryja przedstawiona jest tam z u\u015bmiechem na twarzy, z Dzieci\u0105tkiem na r\u0119ku, co nada\u0142o jej tytu\u0142 Matki Bo\u017cej Radosnej. Obraz ten zast\u0105pi\u0142 w g\u0142\u00f3wnym o\u0142tarzu wcze\u015bniejsz\u0105 figur\u0119 Madonny ze S\u0142onecznikiem, datowan\u0105 na oko\u0142o 1420 rok \u2013 figur\u0119, kt\u00f3ra do dzi\u015b pozostaje dumn\u0105 stra\u017cniczk\u0105 duchowej historii Ptaszkowej. &#8222;( \u017ar\u00f3d\u0142o Go\u015b\u0107 Niedzielny Tarnowski <a href=\"https:\/\/tarnow.gosc.pl\/doc\/9423753.Matka-Boza-Radosna-i-sloneczniki\">LINK<\/a> ) <\/h4>\n\n\n<div class=\"wp-block-image\">\n<figure class=\"aligncenter size-full\"><img loading=\"lazy\" decoding=\"async\" width=\"533\" height=\"800\" src=\"http:\/\/apostolowiemilosci.pl\/wp-content\/uploads\/2026\/03\/Odpust_2025_101-533x800-2.jpg\" alt=\"\" class=\"wp-image-16828\" srcset=\"http:\/\/apostolowiemilosci.pl\/wp-content\/uploads\/2026\/03\/Odpust_2025_101-533x800-2.jpg 533w, http:\/\/apostolowiemilosci.pl\/wp-content\/uploads\/2026\/03\/Odpust_2025_101-533x800-2-200x300.jpg 200w\" sizes=\"(max-width: 533px) 100vw, 533px\" \/><\/figure>\n<\/div>\n\n\n<p>Foto \u017ar\u00f3d\u0142o <a href=\"https:\/\/www.ptaszkowa.pl\/2025\/09\/14\/uroczystosc-odpustowa-ku-czci-imienia-maryi-panny\/\">LINK<\/a><\/p>\n\n\n\n<h4 class=\"wp-block-heading has-text-align-center\"><em>Ptaszkowska Pani, Kr\u00f3lowo chwa\u0142y,<\/em><br><em>ze&nbsp;s\u0142onecznikiem w&nbsp;d\u0142oniach wspania\u0142ych.<\/em><br><em>Prowad\u017a nas, Matko, do&nbsp;Bo\u017cych bram,<\/em><br><em>gdzie wieczna chwa\u0142a ja\u015bnieje nam.<\/em><\/h4>\n\n\n\n<h4 class=\"wp-block-heading has-text-align-center\"><em>1. Ko\u015bci\u00f3\u0142 Ci&nbsp;\u015bpiewa pie\u015b\u0144 uwielbienia,<\/em><br><em>wznosi ku&nbsp;niebu g\u0142os dzi\u0119kczynienia.<\/em><br><em>Ty\u015b nasz\u0105 Matk\u0105, Ty\u015b \u015bwiat\u0142a znak,<\/em><br><em>Maryjo, prowad\u017a do&nbsp;Bo\u017cych \u0142ask.<\/em><\/h4>\n\n\n\n<h4 class=\"wp-block-heading has-text-align-center\"><em>2. W&nbsp;tym s\u0142oneczniku znak Twej opieki,<\/em><br><em>Ty, co&nbsp;prowadzisz lud sw\u00f3j na&nbsp;wieki.<\/em><br><em>Blaskiem mi\u0142o\u015bci otaczaj nas<\/em><br><em>I&nbsp;nie&nbsp;opuszczaj, gdy&nbsp;trudny czas.<\/em><\/h4>\n\n\n\n<h4 class=\"wp-block-heading has-text-align-center\"><em>3.Gdy przyjdzie chwila rozstania z&nbsp;ziemi\u0105,<\/em><br><em>Ty&nbsp;przytul sercem, otul nadziej\u0105.<\/em><br><em>Unie\u015b do&nbsp;domu, gdzie spok\u00f3j l\u015bni,<\/em><br><em>Tam Ojciec czeka,&nbsp;i&nbsp;nie&nbsp;ma&nbsp;\u0142zy.<\/em><\/h4>\n\n\n\n<figure class=\"wp-block-image size-large\"><img loading=\"lazy\" decoding=\"async\" width=\"1024\" height=\"682\" src=\"http:\/\/apostolowiemilosci.pl\/wp-content\/uploads\/2026\/03\/Odpust_2025_39-1024x682.jpg\" alt=\"\" class=\"wp-image-16829\" srcset=\"http:\/\/apostolowiemilosci.pl\/wp-content\/uploads\/2026\/03\/Odpust_2025_39-1024x682.jpg 1024w, http:\/\/apostolowiemilosci.pl\/wp-content\/uploads\/2026\/03\/Odpust_2025_39-300x200.jpg 300w, http:\/\/apostolowiemilosci.pl\/wp-content\/uploads\/2026\/03\/Odpust_2025_39-768x512.jpg 768w, http:\/\/apostolowiemilosci.pl\/wp-content\/uploads\/2026\/03\/Odpust_2025_39.jpg 1280w\" sizes=\"(max-width: 1024px) 100vw, 1024px\" \/><\/figure>\n\n\n\n<p>\u017ar\u00f3d\u0142o foto <a href=\"https:\/\/www.ptaszkowa.pl\/2025\/09\/14\/uroczystosc-odpustowa-ku-czci-imienia-maryi-panny\/\">https:\/\/www.ptaszkowa.pl\/2025\/09\/14\/uroczystosc-odpustowa-ku-czci-imienia-maryi-panny\/<\/a><\/p>\n","protected":false},"excerpt":{"rendered":"<p>Matka Bo\u017ca na Kubie i w Polsce, \u015bw. o. Pio, \u015bw. J\u00f3zefina Bakhita, \u015bw Julia Billiart, \u015bw Maria Eufrazja Pelletier Matka Bo\u017ca Mi\u0142osierdzia, czczona szczeg\u00f3lnie na Kubie, jest zwi\u0105zana ze s\u0142onecznikami. W czasach prze\u015bladowa\u0144 na Kubie stawiano s\u0142oneczniki w oknach, by reprezentowa\u0142y Matk\u0119 Bo\u017c\u0105 Mi\u0142osierdzia \u2013 tak jak Maryja nieustannie kieruje sw\u00f3j wzrok ku Jezusowi,&hellip; <br \/> <a class=\"read-more\" href=\"http:\/\/apostolowiemilosci.pl\/?p=16823\">Dowiedz si\u0119 wi\u0119cej<\/a><\/p>\n","protected":false},"author":1,"featured_media":16831,"comment_status":"closed","ping_status":"","sticky":false,"template":"","format":"standard","meta":{"h5ap_radio_sources":[],"footnotes":""},"categories":[316],"tags":[92,3,5],"class_list":["post-16823","post","type-post","status-publish","format-standard","has-post-thumbnail","hentry","category-alarm-katolicki","tag-apostol-milosci","tag-apostolowie-milosci","tag-dzielo-ewangelizacji-ubogich-i-strapionych"],"_links":{"self":[{"href":"http:\/\/apostolowiemilosci.pl\/index.php?rest_route=\/wp\/v2\/posts\/16823","targetHints":{"allow":["GET"]}}],"collection":[{"href":"http:\/\/apostolowiemilosci.pl\/index.php?rest_route=\/wp\/v2\/posts"}],"about":[{"href":"http:\/\/apostolowiemilosci.pl\/index.php?rest_route=\/wp\/v2\/types\/post"}],"author":[{"embeddable":true,"href":"http:\/\/apostolowiemilosci.pl\/index.php?rest_route=\/wp\/v2\/users\/1"}],"replies":[{"embeddable":true,"href":"http:\/\/apostolowiemilosci.pl\/index.php?rest_route=%2Fwp%2Fv2%2Fcomments&post=16823"}],"version-history":[{"count":9,"href":"http:\/\/apostolowiemilosci.pl\/index.php?rest_route=\/wp\/v2\/posts\/16823\/revisions"}],"predecessor-version":[{"id":16892,"href":"http:\/\/apostolowiemilosci.pl\/index.php?rest_route=\/wp\/v2\/posts\/16823\/revisions\/16892"}],"wp:featuredmedia":[{"embeddable":true,"href":"http:\/\/apostolowiemilosci.pl\/index.php?rest_route=\/wp\/v2\/media\/16831"}],"wp:attachment":[{"href":"http:\/\/apostolowiemilosci.pl\/index.php?rest_route=%2Fwp%2Fv2%2Fmedia&parent=16823"}],"wp:term":[{"taxonomy":"category","embeddable":true,"href":"http:\/\/apostolowiemilosci.pl\/index.php?rest_route=%2Fwp%2Fv2%2Fcategories&post=16823"},{"taxonomy":"post_tag","embeddable":true,"href":"http:\/\/apostolowiemilosci.pl\/index.php?rest_route=%2Fwp%2Fv2%2Ftags&post=16823"}],"curies":[{"name":"wp","href":"https:\/\/api.w.org\/{rel}","templated":true}]}}