{"id":13315,"date":"2024-08-13T12:59:39","date_gmt":"2024-08-13T10:59:39","guid":{"rendered":"http:\/\/apostolowiemilosci.pl\/?p=13315"},"modified":"2024-08-17T11:10:22","modified_gmt":"2024-08-17T09:10:22","slug":"10-08-2024-pilne-jesli-dalej-bedziecie-grzeszyc-nadejdzie-jeszcze-wieksza-wojna-pilny-telefon-od-pani-manuela-strack-niemcy","status":"publish","type":"post","link":"http:\/\/apostolowiemilosci.pl\/?p=13315","title":{"rendered":"10.08.2024 PILNE ! &#8211; Je\u015bli dalej b\u0119dziecie grzeszy\u0107, nadejdzie jeszcze wi\u0119ksza wojna- Pilny telefon od Manuela Strack\/ Niemcy\/"},"content":{"rendered":"\n<h4 class=\"wp-block-heading\">Informacja ze strony na kt\u00f3rej publikowane s\u0105 or\u0119dzia do Manueli Strack \/ Niemcy\/ &#8211; cyt -&#8221; Pilny telefon od Pani Manuela Strack, 10 sierpnia 2024 r.: Drodzy przyjaciele,<br>Prosimy o codzienne odmawianie wybranego r\u00f3\u017ca\u0144ca w intencji pokoju na \u015bwiecie. Dla pracuj\u0105cych r\u00f3\u017caniec Dzieci\u0105tka Jezus z Pragi lub R\u00f3\u017caniec Jezusa Mi\u0142osiernego. Nast\u0119pnie modlitwa do \u015awi\u0119tego Micha\u0142a Archanio\u0142a. M\u00f3dlmy si\u0119 pilnie w tej sprawie. Drodzy modlitwa, \u0142\u0105czcie si\u0119 w grupach modlitewnych o pok\u00f3j. Prosz\u0119 Ci\u0119 bardzo, bo Pan nas do tego powo\u0142a\u0142! Serviam!<\/h4>\n\n\n\n<blockquote class=\"wp-block-quote is-layout-flow wp-block-quote-is-layout-flow\">\n<h4 class=\"wp-block-heading\">\u201eJe\u015bli dalej b\u0119dziecie grzeszy\u0107, nadejdzie jeszcze wi\u0119ksza wojna. To zale\u017cy od was, drogie dusze. Pro\u015bcie na kolanach Ojca Przedwiecznego o mi\u0142osierdzie! Moje m\u00f3wienie do was jest wielkim aktem Mojego mi\u0142osierdzia. Bo Ja jestem Kr\u00f3lem Mi\u0142osierdzia!\u201d<br>S\u0142owa Kr\u00f3la Mi\u0142osierdzia z 25 marca 2022 r. &#8217; <\/h4>\n<\/blockquote>\n\n\n\n<figure class=\"wp-block-embed is-type-video is-provider-youtube wp-block-embed-youtube wp-embed-aspect-16-9 wp-has-aspect-ratio\"><div class=\"wp-block-embed__wrapper\">\n<div class='embed-container'><iframe title=\"10.08.2024 PILNE - Prosimy o codzienne odmawianie wybranego r\u00f3\u017ca\u0144ca w intencji pokoju na \u015bwiecie.\" width=\"1920\" height=\"1080\" src=\"https:\/\/www.youtube.com\/embed\/VToOIazEPTw?feature=oembed\" frameborder=\"0\" allow=\"accelerometer; autoplay; clipboard-write; encrypted-media; gyroscope; picture-in-picture; web-share\" referrerpolicy=\"strict-origin-when-cross-origin\" allowfullscreen><\/iframe><\/div>\n<\/div><\/figure>\n\n\n\n<figure class=\"wp-block-image size-large\"><img fetchpriority=\"high\" decoding=\"async\" width=\"1024\" height=\"524\" src=\"http:\/\/apostolowiemilosci.pl\/wp-content\/uploads\/2024\/08\/10.08.2024-Emanuela-1024x524.jpg\" alt=\"\" class=\"wp-image-13350\" srcset=\"http:\/\/apostolowiemilosci.pl\/wp-content\/uploads\/2024\/08\/10.08.2024-Emanuela-1024x524.jpg 1024w, http:\/\/apostolowiemilosci.pl\/wp-content\/uploads\/2024\/08\/10.08.2024-Emanuela-300x153.jpg 300w, http:\/\/apostolowiemilosci.pl\/wp-content\/uploads\/2024\/08\/10.08.2024-Emanuela-768x393.jpg 768w, http:\/\/apostolowiemilosci.pl\/wp-content\/uploads\/2024\/08\/10.08.2024-Emanuela.jpg 1195w\" sizes=\"(max-width: 1024px) 100vw, 1024px\" \/><\/figure>\n\n\n\n<h3 class=\"wp-block-heading has-text-align-center\">\u017crod\u0142o <a href=\"https:\/\/maria-die-makellose.de\/aktuelles.html\">https:\/\/maria-die-makellose.de\/aktuelles.html<\/a><\/h3>\n\n\n\n<h3 class=\"wp-block-heading has-text-align-center\"><a href=\"https:\/\/www.maria-die-makellose.de\/sievernich-pl\/index.html\">https:\/\/www.maria-die-makellose.de\/sievernich-pl\/index.html<\/a><\/h3>\n\n\n\n<p>Dringender Aufruf von<br>Frau Manuela Strack, vom 10.08.2024:<\/p>\n\n\n\n<p>Liebe Freunde,<br>beten wir doch bitte t\u00e4glich f\u00fcr den Frieden in der Welt einen Rosenkranz Eurer Wahl. Wer berufst\u00e4tig ist, den Rosenkranz des Prager Jesuskindes oder den Rosenkranz zum barmherzigen Jesus. Dann das Gebet zum Heiligen Erzengel Michael. Beten wir dringend in diesem Anliegen. Liebe Beter, schlie\u00dft Euch f\u00fcr den Frieden in Gebetsgruppen zusammen. Ich bitte Euch sehr darum, weil der Herr uns dazu aufrief! Serviam!<\/p>\n\n\n\n<p>&#8222;Wenn ihr weiter s\u00fcndigt, wird ein noch gr\u00f6\u00dferer Krieg kommen. An euch liegt es, liebe Seelen. Bittet den Ewigen Vater auf Knien um Erbarmen! Das Ich zu euch spreche, ist ein gro\u00dfer Akt Meiner Barmherzigkeit. Denn Ich bin der K\u00f6nig der Barmherzigkeit!&#8221;<br>Worte des K\u00f6nigs der Barmherzigkeit vom 25.03.2022.<\/p>\n\n\n\n<figure class=\"wp-block-embed is-type-video is-provider-youtube wp-block-embed-youtube wp-embed-aspect-16-9 wp-has-aspect-ratio\"><div class=\"wp-block-embed__wrapper\">\n<div class='embed-container'><iframe title=\"Prophecy Being Fulfilled! Our Lady In German Apparition of Sievernich Warns on the &quot;END OF CHURCH!&quot;\" width=\"1920\" height=\"1080\" src=\"https:\/\/www.youtube.com\/embed\/Gfz6I8WbPss?feature=oembed\" frameborder=\"0\" allow=\"accelerometer; autoplay; clipboard-write; encrypted-media; gyroscope; picture-in-picture; web-share\" referrerpolicy=\"strict-origin-when-cross-origin\" allowfullscreen><\/iframe><\/div>\n<\/div><\/figure>\n\n\n\n<figure class=\"wp-block-embed is-type-video is-provider-youtube wp-block-embed-youtube wp-embed-aspect-16-9 wp-has-aspect-ratio\"><div class=\"wp-block-embed__wrapper\">\n<div class='embed-container'><iframe title=\"MANUELA von SIEVERNICH:  Sonnenwunder, regnende Lilien und andere Zeichen\" width=\"1920\" height=\"1080\" src=\"https:\/\/www.youtube.com\/embed\/rUjB2PeiD9I?feature=oembed\" frameborder=\"0\" allow=\"accelerometer; autoplay; clipboard-write; encrypted-media; gyroscope; picture-in-picture; web-share\" referrerpolicy=\"strict-origin-when-cross-origin\" allowfullscreen><\/iframe><\/div>\n<\/div><\/figure>\n\n\n\n<figure class=\"wp-block-embed is-type-video is-provider-youtube wp-block-embed-youtube wp-embed-aspect-16-9 wp-has-aspect-ratio\"><div class=\"wp-block-embed__wrapper\">\n<div class='embed-container'><iframe title=\"Manuela STRACK, voyante de Sievernich - Conf\u00e9rence #1 - Historique des apparitions\" width=\"1920\" height=\"1080\" src=\"https:\/\/www.youtube.com\/embed\/qBY3kcG5loo?feature=oembed\" frameborder=\"0\" allow=\"accelerometer; autoplay; clipboard-write; encrypted-media; gyroscope; picture-in-picture; web-share\" referrerpolicy=\"strict-origin-when-cross-origin\" allowfullscreen><\/iframe><\/div>\n<\/div><\/figure>\n\n\n\n<figure class=\"wp-block-embed is-type-video is-provider-youtube wp-block-embed-youtube wp-embed-aspect-16-9 wp-has-aspect-ratio\"><div class=\"wp-block-embed__wrapper\">\n<div class='embed-container'><iframe title=\"Manuela STRACK, voyante de Sievernich - Conf\u00e9rence #2 - L&#039;Enfant J\u00e9sus de Prague\" width=\"1920\" height=\"1080\" src=\"https:\/\/www.youtube.com\/embed\/Q9-4STZuJx0?feature=oembed\" frameborder=\"0\" allow=\"accelerometer; autoplay; clipboard-write; encrypted-media; gyroscope; picture-in-picture; web-share\" referrerpolicy=\"strict-origin-when-cross-origin\" allowfullscreen><\/iframe><\/div>\n<\/div><\/figure>\n\n\n\n<figure class=\"wp-block-embed is-type-video is-provider-youtube wp-block-embed-youtube wp-embed-aspect-16-9 wp-has-aspect-ratio\"><div class=\"wp-block-embed__wrapper\">\n<div class='embed-container'><iframe title=\"Manuela STRACK, voyante de Sievernich - Conf\u00e9rence #3 - Saint Michel et Sainte Jeanne d&#039;Arc\" width=\"1920\" height=\"1080\" src=\"https:\/\/www.youtube.com\/embed\/Ec-N0PVePy4?feature=oembed\" frameborder=\"0\" allow=\"accelerometer; autoplay; clipboard-write; encrypted-media; gyroscope; picture-in-picture; web-share\" referrerpolicy=\"strict-origin-when-cross-origin\" allowfullscreen><\/iframe><\/div>\n<\/div><\/figure>\n\n\n\n<h3 class=\"wp-block-heading\">foto Boskie Praskie Dzieci\u0105tko JEZUS- \u017ar\u00f3d\u0142o <a href=\"http:\/\/www.marys-touch.com\/history\/prague.htm\">http:\/\/www.marys-touch.com\/history\/prague.htm<\/a><\/h3>\n\n\n\n<p>Matka Bo\u017ca ukazywa\u0142a si\u0119 Manueli Strack z D\u00fcren od czerwca 2000 r. do pa\u017adziernika 2005 r. w pierwszy lub drugi poniedzia\u0142ek miesi\u0105ca. Odpowiedzialny biskup, Heinrich Mussinghoff, da\u0142 Manueli ksi\u0119dza jako swojego duchowego przewodnika.<\/p>\n\n\n\n<p>Od czerwca 2000 do pa\u017adziernika 2005 Matka Naj\u015bwi\u0119tsza ukazywa\u0142a si\u0119 w Sievernich w Niemczech wraz z r\u00f3\u017cnymi \u015bwi\u0119tymi, papie\u017cem Piusem XII i \u015bw. Archanio\u0142em Gabrielem, m\u0142odej, pokornej matce o imieniu Manuela.<\/p>\n\n\n\n<p>Matka Naj\u015bwi\u0119tsza po raz ostatni objawi\u0142a si\u0119 3 pa\u017adziernika 2005 roku.<\/p>\n\n\n\n<p>Ale obieca\u0142a, \u017ce \u200b\u200bzawsze b\u0119dzie obecna w Sievernich.<\/p>\n\n\n\n<p>Od 5 listopada 2018 roku Jezus objawia si\u0119 pod postaci\u0105 Praskiego Dzieci\u0105tka Jezus w wieku oko\u0142o 10 lat.<\/p>\n\n\n<div class=\"wp-block-image\">\n<figure class=\"aligncenter size-full\"><img decoding=\"async\" width=\"400\" height=\"737\" src=\"http:\/\/apostolowiemilosci.pl\/wp-content\/uploads\/2024\/08\/infant.jpg\" alt=\"\" class=\"wp-image-13326\" srcset=\"http:\/\/apostolowiemilosci.pl\/wp-content\/uploads\/2024\/08\/infant.jpg 400w, http:\/\/apostolowiemilosci.pl\/wp-content\/uploads\/2024\/08\/infant-163x300.jpg 163w\" sizes=\"(max-width: 400px) 100vw, 400px\" \/><\/figure>\n<\/div>\n\n\n<p>Najnowsza wiadomo\u015b\u0107 od Dzieci\u0105tka Praskiego brzmi nast\u0119puj\u0105co:<\/p>\n\n\n\n<p>\u201eOto wzywam was do modlitwy, po\u015bwi\u0119cenia i pokuty, aby ta wojna nie wesz\u0142a na \u015bwiat!<\/p>\n\n\n\n<p>Wzywam do modlitwy, ofiary i pokuty z prorokami Starego Przymierza, ze wszystkimi anio\u0142ami i \u015bwi\u0119tymi w niebie. S\u0142uchajcie Mojego S\u0142owa, s\u0142uchajcie Mojego pragnienia!<\/p>\n\n\n\n<p>\u201eJe\u015bli zastosujesz si\u0119 do mojego \u017cyczenia i mojego s\u0142owa, s\u0105d mo\u017ce ci\u0119 omin\u0105\u0107, tak jak Niniw\u0119.<\/p>\n\n\n\n<p>Drodzy przyjaciele, chc\u0119 was ocali\u0107.<\/p>\n\n\n\n<p>Dlatego dzisiaj do ciebie przyszed\u0142em.<\/p>\n\n\n\n<p>To, Moje s\u0142owo, oznacza wyj\u015bcie w \u015bwiat. \u017baden nar\u00f3d, nawet ten najbardziej odleg\u0142y, nie b\u0119dzie m\u00f3g\u0142 czu\u0107 si\u0119 bezpieczny.<\/p>\n\n\n\n<p>Zawraca\u0107! \u201d<\/p>\n\n\n\n<p>\u201eMi\u0142osierne Dzieci\u0105tko Jezus\u201d dodaje:<\/p>\n\n\n\n<p>\u201eLudzie dali Mi koron\u0119 cierniow\u0105.<\/p>\n\n\n\n<p>Ojciec Mnie uwielbi\u0142.<\/p>\n\n\n\n<p>Sp\u00f3jrz na moj\u0105 koron\u0119!<\/p>\n\n\n\n<p>Ludzie dawali Mi lask\u0119, \u017ceby ze Mnie kpi\u0107.<\/p>\n\n\n\n<p>Ojciec Przedwieczny da\u0142 Mi ber\u0142o.<\/p>\n\n\n\n<p>To jest chwalebna laska.<\/p>\n\n\n\n<p>Ludzie dali Mi czerwony p\u0142aszcz jako kpin\u0119.<\/p>\n\n\n\n<p>Oto M\u00f3j uwielbiony p\u0142aszcz kr\u00f3lewski. \u201d<\/p>\n\n\n\n<p>\u201eDziecko Jezus\u201d podesz\u0142o bli\u017cej do Manueli i powiedzia\u0142: \u201eNa Ko\u015bci\u00f3\u0142 zapadnie ciemno\u015b\u0107. \u201d<\/p>\n\n\n\n<p>Pan m\u00f3wi\u0142 jej o \u017ale poj\u0119tym mi\u0142osierdziu, kt\u00f3re wielu ludzi wprowadza w b\u0142\u0105d.<\/p>\n\n\n\n<p>I znowu \u201eBoskie Dziecko\u201d:<\/p>\n\n\n\n<p>\u201eMusz\u0119 pozwoli\u0107, aby w tym roku stan\u0105\u0142 przed tob\u0105 wspania\u0142y test.<\/p>\n\n\n\n<p>M\u00f3dlcie si\u0119, m\u00f3dlcie si\u0119 ze wszystkimi narodami!<\/p>\n\n\n\n<p>M\u00f3dlcie si\u0119 o mi\u0142osierdzie Ojca Przedwiecznego!<\/p>\n\n\n\n<p>To jest twoje wyj\u015bcie, twoje zbawienie.\u201d<\/p>\n\n\n\n<figure class=\"wp-block-embed is-type-video is-provider-youtube wp-block-embed-youtube wp-embed-aspect-16-9 wp-has-aspect-ratio\"><div class=\"wp-block-embed__wrapper\">\n<div class='embed-container'><iframe title=\"A Message to Manuela Strack from the Infant of Prague\" width=\"1920\" height=\"1080\" src=\"https:\/\/www.youtube.com\/embed\/wgte0GXU1HI?feature=oembed\" frameborder=\"0\" allow=\"accelerometer; autoplay; clipboard-write; encrypted-media; gyroscope; picture-in-picture; web-share\" referrerpolicy=\"strict-origin-when-cross-origin\" allowfullscreen><\/iframe><\/div>\n<\/div><\/figure>\n\n\n<div class=\"wp-block-image\">\n<figure class=\"aligncenter size-full is-resized\"><img decoding=\"async\" width=\"307\" height=\"229\" src=\"http:\/\/apostolowiemilosci.pl\/wp-content\/uploads\/2024\/08\/ratzinger75.jpg\" alt=\"\" class=\"wp-image-13332\" style=\"width:508px;height:auto\" srcset=\"http:\/\/apostolowiemilosci.pl\/wp-content\/uploads\/2024\/08\/ratzinger75.jpg 307w, http:\/\/apostolowiemilosci.pl\/wp-content\/uploads\/2024\/08\/ratzinger75-300x224.jpg 300w\" sizes=\"(max-width: 307px) 100vw, 307px\" \/><\/figure>\n<\/div>\n\n\n<h4 class=\"wp-block-heading\">Manuela Strack i kardyna\u0142 Ratzinger, obecny papie\u017c Benedykt XVI (podczas spotkania, kt\u00f3re odby\u0142o si\u0119 12 lutego 2004 r. na Campo Santo Teutonico w Rzymie)<\/h4>\n\n\n\n<h2 class=\"wp-block-heading has-text-align-center\"><a href=\"https:\/\/maria-die-makellose.de\/sievernich-uk\/New.html\">https:\/\/maria-die-makellose.de\/sievernich-uk\/New.html<\/a><\/h2>\n","protected":false},"excerpt":{"rendered":"<p>Informacja ze strony na kt\u00f3rej publikowane s\u0105 or\u0119dzia do Manueli Strack \/ Niemcy\/ &#8211; cyt -&#8221; Pilny telefon od Pani Manuela Strack, 10 sierpnia 2024 r.: Drodzy przyjaciele,Prosimy o codzienne odmawianie wybranego r\u00f3\u017ca\u0144ca w intencji pokoju na \u015bwiecie. Dla pracuj\u0105cych r\u00f3\u017caniec Dzieci\u0105tka Jezus z Pragi lub R\u00f3\u017caniec Jezusa Mi\u0142osiernego. Nast\u0119pnie modlitwa do \u015awi\u0119tego Micha\u0142a Archanio\u0142a.&hellip; <br \/> <a class=\"read-more\" href=\"http:\/\/apostolowiemilosci.pl\/?p=13315\">Dowiedz si\u0119 wi\u0119cej<\/a><\/p>\n","protected":false},"author":1,"featured_media":13347,"comment_status":"closed","ping_status":"","sticky":false,"template":"","format":"standard","meta":{"h5ap_radio_sources":[],"footnotes":""},"categories":[257,285],"tags":[92,3,244,5,268],"class_list":["post-13315","post","type-post","status-publish","format-standard","has-post-thumbnail","hentry","category-czuwajmy","category-manuela-strack-niemcy","tag-apostol-milosci","tag-apostolowie-milosci","tag-czasy-ostateczne","tag-dzielo-ewangelizacji-ubogich-i-strapionych","tag-oredzia-na-czasy-ostateczne"],"_links":{"self":[{"href":"http:\/\/apostolowiemilosci.pl\/index.php?rest_route=\/wp\/v2\/posts\/13315","targetHints":{"allow":["GET"]}}],"collection":[{"href":"http:\/\/apostolowiemilosci.pl\/index.php?rest_route=\/wp\/v2\/posts"}],"about":[{"href":"http:\/\/apostolowiemilosci.pl\/index.php?rest_route=\/wp\/v2\/types\/post"}],"author":[{"embeddable":true,"href":"http:\/\/apostolowiemilosci.pl\/index.php?rest_route=\/wp\/v2\/users\/1"}],"replies":[{"embeddable":true,"href":"http:\/\/apostolowiemilosci.pl\/index.php?rest_route=%2Fwp%2Fv2%2Fcomments&post=13315"}],"version-history":[{"count":16,"href":"http:\/\/apostolowiemilosci.pl\/index.php?rest_route=\/wp\/v2\/posts\/13315\/revisions"}],"predecessor-version":[{"id":13408,"href":"http:\/\/apostolowiemilosci.pl\/index.php?rest_route=\/wp\/v2\/posts\/13315\/revisions\/13408"}],"wp:featuredmedia":[{"embeddable":true,"href":"http:\/\/apostolowiemilosci.pl\/index.php?rest_route=\/wp\/v2\/media\/13347"}],"wp:attachment":[{"href":"http:\/\/apostolowiemilosci.pl\/index.php?rest_route=%2Fwp%2Fv2%2Fmedia&parent=13315"}],"wp:term":[{"taxonomy":"category","embeddable":true,"href":"http:\/\/apostolowiemilosci.pl\/index.php?rest_route=%2Fwp%2Fv2%2Fcategories&post=13315"},{"taxonomy":"post_tag","embeddable":true,"href":"http:\/\/apostolowiemilosci.pl\/index.php?rest_route=%2Fwp%2Fv2%2Ftags&post=13315"}],"curies":[{"name":"wp","href":"https:\/\/api.w.org\/{rel}","templated":true}]}}